{"id":12753,"date":"2016-06-28T23:52:53","date_gmt":"2016-06-29T06:52:53","guid":{"rendered":"https:\/\/elenemigocomun.net\/es\/?p=12753"},"modified":"2019-12-26T20:07:23","modified_gmt":"2019-12-27T04:07:23","slug":"bloque-libertario-oaxaca","status":"publish","type":"post","link":"https:\/\/elenemigocomun.net\/es\/2016\/06\/bloque-libertario-oaxaca\/","title":{"rendered":"Pronunciamiento del Bloque Libertario Oaxaca"},"content":{"rendered":"<p><em>De<\/em> Proyecto Ambulante<br \/>\n24 de junio 2016<\/p>\n<audio class=\"wp-audio-shortcode\" id=\"audio-12753-1\" preload=\"none\" style=\"width: 100%;\" controls=\"controls\"><source type=\"audio\/mpeg\" src=\"https:\/\/ia801504.us.archive.org\/13\/items\/0622193300\/0622193300.mp3?_=1\" \/><a href=\"https:\/\/ia801504.us.archive.org\/13\/items\/0622193300\/0622193300.mp3\">https:\/\/ia801504.us.archive.org\/13\/items\/0622193300\/0622193300.mp3<\/a><\/audio>\n<p>En el marco de los \u00faltimos acontecimientos de represi\u00f3n y violencia que se han sucintado en el pa\u00eds, diferentes colectivos e individualidades anarquistas hemos decidido solidarizarnos saliendo a las calles y realizando diversas acciones en diferentes partes del pa\u00eds sufriendo el embate del estado y as\u00ed mismo resistido con el pueblo.<\/p>\n<p><!--more--><\/p>\n<p>En especial en estos \u00faltimos acontecimientos de represi\u00f3n de la lucha popular, es por eso que iniciamos a ocupar espacios de difusi\u00f3n que son del pueblo para alzar la voz y manifestarnos contra la criminalizaci\u00f3n que nos ha puesto el estado y diversos sectores del mismo movimiento social, al adoptar actitudes pol\u00edticas y acusatorias, se nos ha tachado de ser infiltrados, provocadores, porros y dem\u00e1s calificativos a nuestra forma de lucha sin tomar en cuenta que la memoria hist\u00f3rica y resiente ha demostrado que como movimiento libertario hemos participado en todas las luchas solidariz\u00e1ndonos, sin pedir nada a cambio m\u00e1s que una verdadera revoluci\u00f3n social sin estados, fronteras, religiones ni cuerpos represivos llevando siempre la practica del ideal libertario.<\/p>\n<p>Es por eso que no aceptamos ning\u00fan tipo de negociaci\u00f3n con el estado que asesino a once compa\u00f1eros en Nochixtl\u00e1n y Viguera as\u00ed como manifestamos nuestro desagrado a las mesas de negociaci\u00f3n que el magisterio entabla con el gobierno federa ya que la vida de los ca\u00eddos no est\u00e1 a disposici\u00f3n de ninguna negociaci\u00f3n.<\/p>\n<p>As\u00ed mismo manifestamos nuestra completa solidaridad con la lucha popular que se esta gestando actualmente y solidariz\u00e1ndonos con los familiares de los compa\u00f1eros ca\u00eddos en esta y los ca\u00eddos desde momentos hist\u00f3ricos.<\/p>\n<p>Nos deslindamos de los actos de provocaci\u00f3n por parte del estado y de las acusaciones por parte de \u00e9ste y de diversas facciones del movimiento popular.<\/p>\n<p>\u00abNO SON LOS REBELDES QUIENES CREAN LOS PROBLEMAS DEL MUNDO, SON LOS PROBLEMAS DEL MUNDO QUIENES CREAN A LOS REBELDES.\u00bb<\/p>\n","protected":false},"excerpt":{"rendered":"<p>No aceptamos ning\u00fan tipo de negociaci\u00f3n con el estado que asesino a once compa\u00f1eros en Nochixtl\u00e1n y Viguera.<\/p>\n","protected":false},"author":38,"featured_media":12749,"comment_status":"closed","ping_status":"closed","sticky":false,"template":"","format":"standard","meta":{"iawp_total_views":0,"_jetpack_memberships_contains_paid_content":false,"footnotes":"","jetpack_publicize_message":"","jetpack_publicize_feature_enabled":true,"jetpack_social_post_already_shared":false,"jetpack_social_options":{"image_generator_settings":{"template":"highway","default_image_id":0,"font":"","enabled":false},"version":2}},"categories":[164],"tags":[],"class_list":["post-12753","post","type-post","status-publish","format-standard","has-post-thumbnail","hentry","category-solidaridad"],"blocksy_meta":{"styles_descriptor":{"styles":{"desktop":"","tablet":"","mobile":""},"google_fonts":[],"version":6}},"jetpack_publicize_connections":[],"jetpack_featured_media_url":"https:\/\/elenemigocomun.net\/wp-content\/uploads\/2016\/06\/go-towards-life-oaxaca.jpg","jetpack_sharing_enabled":true,"_links":{"self":[{"href":"https:\/\/elenemigocomun.net\/es\/wp-json\/wp\/v2\/posts\/12753","targetHints":{"allow":["GET"]}}],"collection":[{"href":"https:\/\/elenemigocomun.net\/es\/wp-json\/wp\/v2\/posts"}],"about":[{"href":"https:\/\/elenemigocomun.net\/es\/wp-json\/wp\/v2\/types\/post"}],"author":[{"embeddable":true,"href":"https:\/\/elenemigocomun.net\/es\/wp-json\/wp\/v2\/users\/38"}],"replies":[{"embeddable":true,"href":"https:\/\/elenemigocomun.net\/es\/wp-json\/wp\/v2\/comments?post=12753"}],"version-history":[{"count":0,"href":"https:\/\/elenemigocomun.net\/es\/wp-json\/wp\/v2\/posts\/12753\/revisions"}],"wp:featuredmedia":[{"embeddable":true,"href":"https:\/\/elenemigocomun.net\/es\/wp-json\/wp\/v2\/media\/12749"}],"wp:attachment":[{"href":"https:\/\/elenemigocomun.net\/es\/wp-json\/wp\/v2\/media?parent=12753"}],"wp:term":[{"taxonomy":"category","embeddable":true,"href":"https:\/\/elenemigocomun.net\/es\/wp-json\/wp\/v2\/categories?post=12753"},{"taxonomy":"post_tag","embeddable":true,"href":"https:\/\/elenemigocomun.net\/es\/wp-json\/wp\/v2\/tags?post=12753"}],"curies":[{"name":"wp","href":"https:\/\/api.w.org\/{rel}","templated":true}]}}