{"id":19443,"date":"2020-06-21T05:10:40","date_gmt":"2020-06-21T12:10:40","guid":{"rendered":"https:\/\/elenemigocomun.net\/?p=19443"},"modified":"2020-06-21T05:10:40","modified_gmt":"2020-06-21T12:10:40","slug":"historia-racista-e-imperialista-de-la-policia","status":"publish","type":"post","link":"https:\/\/elenemigocomun.net\/es\/2020\/06\/historia-racista-e-imperialista-de-la-policia\/","title":{"rendered":"Historia racista e imperialista de la polic\u00eda"},"content":{"rendered":"<p>Por Duncan Riley y Marco D\u00e1vila<\/p>\n<p>El gran problema con la polic\u00eda no son los \u00abmalos elementos policiacos,\u00bb sino que la polic\u00eda existe como instituci\u00f3n para mantener un orden pol\u00edtico-econ\u00f3mico profundamente racista y desigual. La polic\u00eda norteamericana se fund\u00f3 durante el siglo XIX, creciendo de dos fuentes principales. En las grandes ciudades del norte, durante la \u00e9poca de la industrializaci\u00f3n creciente y el consecuente aumento masivo en la desigualdad social, a los grandes empresarios les hac\u00eda falta una fuerza regular y organizada para vigilar la insubordinaci\u00f3n y reprimir las huelgas industriales. Por otra parte, en las haciendas del sur, los esclavistas necesitaban patrullas y guardias para controlar a los esclavos y perseguir a los fugitivos. Entonces, desde esas dos necesidades econ\u00f3micas de la clase dominante, distintas pero interrelacionadas, naci\u00f3 la polic\u00eda norteamericana (Vitale, 37-39; 45-46). Por lo tanto, cuando hablamos de la polic\u00eda, es imposible separarla de su rol como los ejecutores violentos de las jerarqu\u00edas de raza y clase en la sociedad capitalista actual.<\/p>\n<p><!--more--> <\/p>\n<p><img loading=\"lazy\" decoding=\"async\" src=\"https:\/\/elenemigocomun.net\/wp-content\/uploads\/2020\/06\/prisonlabor-800x800.jpeg\" alt=\"\" width=\"580\" height=\"580\" class=\"aligncenter size-large wp-image-19434\" srcset=\"https:\/\/elenemigocomun.net\/wp-content\/uploads\/2020\/06\/prisonlabor-800x800.jpeg 800w, https:\/\/elenemigocomun.net\/wp-content\/uploads\/2020\/06\/prisonlabor-300x300.jpeg 300w, https:\/\/elenemigocomun.net\/wp-content\/uploads\/2020\/06\/prisonlabor-200x200.jpeg 200w, https:\/\/elenemigocomun.net\/wp-content\/uploads\/2020\/06\/prisonlabor-768x768.jpeg 768w, https:\/\/elenemigocomun.net\/wp-content\/uploads\/2020\/06\/prisonlabor-1536x1536.jpeg 1536w, https:\/\/elenemigocomun.net\/wp-content\/uploads\/2020\/06\/prisonlabor-1200x1200.jpeg 1200w, https:\/\/elenemigocomun.net\/wp-content\/uploads\/2020\/06\/prisonlabor.jpeg 1709w\" sizes=\"auto, (max-width: 580px) 100vw, 580px\" \/><\/p>\n<p>La polic\u00eda tambi\u00e9n est\u00e1 implicada en la larga historia del imperialismo norteamericano en todo el mundo. Muchas de las t\u00e1cticas y doctrinas modernas de la polic\u00eda se desarrollar\u00edan durante la guerra colonial en las Islas Filipinas (1899-1913) para controlar a la poblaci\u00f3n rebelde y suprimir la insurrecci\u00f3n. Despu\u00e9s de la guerra, estas t\u00e1cticas se trasladaron a los Estados Unidos, donde la polic\u00eda las usaba en contra de los pol\u00edticos radicales y especialmente contra la poblaci\u00f3n negra (Vitale, 40-42). M\u00e1s adelante, durante la Guerra Fr\u00eda, este modelo racista y represivo se export\u00f3 a las dictaduras militares de Latinoam\u00e9rica y a otros reg\u00edmenes autoritarios en todo el mundo, ayudando a esos gobiernos asesinos a torturar y abusar a sus propios pueblos (Vitale, 48). Por consiguiente, la fundaci\u00f3n de la polic\u00eda moderna no radica en la \u00abseguridad p\u00fablica,\u00bb sino en la dominaci\u00f3n colonial y en el uso de la fuerza para esconder las desigualdades sociales.<\/p>\n<p><img loading=\"lazy\" decoding=\"async\" src=\"https:\/\/elenemigocomun.net\/wp-content\/uploads\/2020\/06\/trump-cops-800x420.jpeg\" alt=\"\" width=\"580\" height=\"305\" class=\"aligncenter size-large wp-image-19436\" srcset=\"https:\/\/elenemigocomun.net\/wp-content\/uploads\/2020\/06\/trump-cops-800x420.jpeg 800w, https:\/\/elenemigocomun.net\/wp-content\/uploads\/2020\/06\/trump-cops-300x158.jpeg 300w, https:\/\/elenemigocomun.net\/wp-content\/uploads\/2020\/06\/trump-cops-768x403.jpeg 768w, https:\/\/elenemigocomun.net\/wp-content\/uploads\/2020\/06\/trump-cops.jpeg 1200w\" sizes=\"auto, (max-width: 580px) 100vw, 580px\" \/> <\/p>\n<p>Por ello, el problema no es que la polic\u00eda est\u00e9 \u00abfallando en su misi\u00f3n\u00bb. Al contrario, actualmente la polic\u00eda funciona exactamente como se dise\u00f1\u00f3, como una pandilla armada al servicio de los pol\u00edticos y de los grandes empresarios. Entonces, el racismo violento de la polic\u00eda no es un accidente, es una faceta inherente a la estructura policial en nuestra sociedad. Eso no se puede extirpar con reformas leves o nuevas formas de entrenamiento, como dicen los pol\u00edticos liberales. S\u00f3lo podemos detener la violencia policial al acabar definitivamente con la polic\u00eda como instituci\u00f3n y construir una nueva sociedad en donde prevalezca la tranquilidad social por medio de lazos comunitarios e igualdad universal, no por medio de balazos.<\/p>\n<p><img loading=\"lazy\" decoding=\"async\" src=\"https:\/\/elenemigocomun.net\/wp-content\/uploads\/2020\/06\/alllives.jpg\" alt=\"\" width=\"614\" height=\"763\" class=\"aligncenter size-full wp-image-19426\" srcset=\"https:\/\/elenemigocomun.net\/wp-content\/uploads\/2020\/06\/alllives.jpg 614w, https:\/\/elenemigocomun.net\/wp-content\/uploads\/2020\/06\/alllives-241x300.jpg 241w\" sizes=\"auto, (max-width: 614px) 100vw, 614px\" \/> <\/p>\n<p>Este \u00faltimo punto es clave \u2013 no podemos separar la cuesti\u00f3n de la polic\u00eda de la cuesti\u00f3n social m\u00e1s amplia. S\u00f3lo abolir a la polic\u00eda no basta, tambi\u00e9n tenemos que abolir el mundo que la cre\u00f3. Todo el racismo, toda la violencia, todas las atrocidades que ha cometido la polic\u00eda, todo naci\u00f3 de un sistema econ\u00f3mico-pol\u00edtico que no puede funcionar sin las desigualdades econ\u00f3micas y raciales, el sistema capitalista. Por lo tanto, para acabar por siempre con la polic\u00eda, tambi\u00e9n tenemos que eliminar las jerarqu\u00edas que ellos imponen. Hemos de proveer vivienda y comida para todos, para que no haya pobreza. Hemos de combatir a la supremac\u00eda blanca, para que la discriminaci\u00f3n y el racismo desaparezcan de la faz de la Tierra. Hemos de derrumbar las fronteras y destruir todas las prisiones y campos de concentraci\u00f3n que manchan a nuestra Madre Tierra. En concreto, hemos de crear un nuevo mundo socialista, libertario e igualitario.\u00a0\u00a0<\/p>\n<p><img loading=\"lazy\" decoding=\"async\" src=\"https:\/\/elenemigocomun.net\/wp-content\/uploads\/2020\/06\/fightracism-800x467.jpeg\" alt=\"\" width=\"580\" height=\"339\" class=\"aligncenter size-large wp-image-19428\" srcset=\"https:\/\/elenemigocomun.net\/wp-content\/uploads\/2020\/06\/fightracism-800x467.jpeg 800w, https:\/\/elenemigocomun.net\/wp-content\/uploads\/2020\/06\/fightracism-300x175.jpeg 300w, https:\/\/elenemigocomun.net\/wp-content\/uploads\/2020\/06\/fightracism-768x448.jpeg 768w, https:\/\/elenemigocomun.net\/wp-content\/uploads\/2020\/06\/fightracism-1536x896.jpeg 1536w, https:\/\/elenemigocomun.net\/wp-content\/uploads\/2020\/06\/fightracism.jpeg 2048w, https:\/\/elenemigocomun.net\/wp-content\/uploads\/2020\/06\/fightracism-1200x700.jpeg 1200w, https:\/\/elenemigocomun.net\/wp-content\/uploads\/2020\/06\/fightracism-1980x1155.jpeg 1980w\" sizes=\"auto, (max-width: 580px) 100vw, 580px\" \/><\/p>\n<p>Fuentes<br \/>\nVitale, Alex S. The End of Policing. Verso, 2018.<\/p>\n<p>Menos uso de la fuerza y m\u00e1s uso de la raz\u00f3n y de la inteligencia<\/p>\n<p>Las vidas de los negros en realidad nunca nos han importado, es lo que parece decir el sistema policiaco una y otra vez, con sus actos de brutalidad y con los constantes asesinatos de hombres negros. Sin embargo, no toda la culpa es del polic\u00eda abusador, sino que es la forma en que est\u00e1 adoctrinado, es la estructura policial en todo su conjunto. No toda la culpa es del polic\u00eda que tiraniza sino de las leyes que lo animan a tiranizar; es culpa del sistema de justicia que lo protege, aun cuando hubiese asesinado a sangre fr\u00eda; es la culpa del conservadurismo que considera que no hay absolutamente nada de equivocado en el diario actuar de dicha instituci\u00f3n.<\/p>\n<p> <img loading=\"lazy\" decoding=\"async\" src=\"https:\/\/elenemigocomun.net\/wp-content\/uploads\/2020\/06\/bmfist.jpg\" alt=\"\" width=\"481\" height=\"600\" class=\"aligncenter size-full wp-image-19438\" srcset=\"https:\/\/elenemigocomun.net\/wp-content\/uploads\/2020\/06\/bmfist.jpg 481w, https:\/\/elenemigocomun.net\/wp-content\/uploads\/2020\/06\/bmfist-241x300.jpg 241w\" sizes=\"auto, (max-width: 481px) 100vw, 481px\" \/><\/p>\n<p>La doctrina de la polic\u00eda es muy clara: o haces todo lo que te ordeno o te doy una paliza, te estrangulo, te asesino. Y es que la polic\u00eda es corrupta desde sus or\u00edgenes, naci\u00f3 siendo corrupta y sigue siendo corrupta; es arbitraria, autoritaria y xen\u00f3foba; su fuerte es el uso de la fuerza por encima de la raz\u00f3n y de la inteligencia; es reaccionaria y, por decenas de a\u00f1os, ha tenido permiso para asesinar de una forma \u00ablegal\u00bb.<\/p>\n<p>En concreto, la rebeli\u00f3n que surge despu\u00e9s del asesinato de George Floyd nos ha ense\u00f1ado a todos que las nuevas generaciones no est\u00e1n dispuestas a seguir tolerando la bestialidad policiaca y que, les guste o no, habremos de pasar de la fuerza bruta al raciocinio.<\/p>\n<p><img loading=\"lazy\" decoding=\"async\" src=\"https:\/\/elenemigocomun.net\/wp-content\/uploads\/2020\/06\/minneapolisburning-640x800.jpeg\" alt=\"\" width=\"580\" height=\"725\" class=\"aligncenter size-large wp-image-19430\" srcset=\"https:\/\/elenemigocomun.net\/wp-content\/uploads\/2020\/06\/minneapolisburning-640x800.jpeg 640w, https:\/\/elenemigocomun.net\/wp-content\/uploads\/2020\/06\/minneapolisburning-240x300.jpeg 240w, https:\/\/elenemigocomun.net\/wp-content\/uploads\/2020\/06\/minneapolisburning-768x960.jpeg 768w, https:\/\/elenemigocomun.net\/wp-content\/uploads\/2020\/06\/minneapolisburning.jpeg 819w\" sizes=\"auto, (max-width: 580px) 100vw, 580px\" \/><\/p>\n<p>Si no fuera por ese video que fue tomado con un tel\u00e9fono celular, hoy muy probablemente no estar\u00edamos hablando de George Floyd. Ese hombre asesinado a sangre fr\u00eda por la polic\u00eda de Minneapolis ser\u00eda tan s\u00f3lo una estad\u00edstica m\u00e1s. Por eso hoy a la polic\u00eda le debemos decir: los estamos observando.<\/p>\n<p><img loading=\"lazy\" decoding=\"async\" src=\"https:\/\/elenemigocomun.net\/wp-content\/uploads\/2020\/06\/policingthepolice-800x499.jpeg\" alt=\"\" width=\"580\" height=\"362\" class=\"aligncenter size-large wp-image-19432\" srcset=\"https:\/\/elenemigocomun.net\/wp-content\/uploads\/2020\/06\/policingthepolice-800x499.jpeg 800w, https:\/\/elenemigocomun.net\/wp-content\/uploads\/2020\/06\/policingthepolice-300x187.jpeg 300w, https:\/\/elenemigocomun.net\/wp-content\/uploads\/2020\/06\/policingthepolice-768x479.jpeg 768w, https:\/\/elenemigocomun.net\/wp-content\/uploads\/2020\/06\/policingthepolice-1200x749.jpeg 1200w, https:\/\/elenemigocomun.net\/wp-content\/uploads\/2020\/06\/policingthepolice.jpeg 1400w\" sizes=\"auto, (max-width: 580px) 100vw, 580px\" \/><\/p>\n<p><img loading=\"lazy\" decoding=\"async\" src=\"https:\/\/elenemigocomun.net\/wp-content\/uploads\/2020\/06\/defundcopcar-800x406.jpeg\" alt=\"\" width=\"580\" height=\"294\" class=\"aligncenter size-large wp-image-19440\" srcset=\"https:\/\/elenemigocomun.net\/wp-content\/uploads\/2020\/06\/defundcopcar-800x406.jpeg 800w, https:\/\/elenemigocomun.net\/wp-content\/uploads\/2020\/06\/defundcopcar-300x152.jpeg 300w, https:\/\/elenemigocomun.net\/wp-content\/uploads\/2020\/06\/defundcopcar-768x390.jpeg 768w, https:\/\/elenemigocomun.net\/wp-content\/uploads\/2020\/06\/defundcopcar.jpeg 1150w\" sizes=\"auto, (max-width: 580px) 100vw, 580px\" \/><\/p>\n<p>\u00a1Justicia para George Floyd!<\/p>\n","protected":false},"excerpt":{"rendered":"<p>El gran problema con la polic\u00eda no son los \u00abmalos elementos policiacos,\u00bb sino que la polic\u00eda existe como instituci\u00f3n para mantener un orden pol\u00edtico-econ\u00f3mico profundamente racista y desigual.<\/p>\n","protected":false},"author":2,"featured_media":19444,"comment_status":"closed","ping_status":"closed","sticky":false,"template":"","format":"standard","meta":{"iawp_total_views":1,"_jetpack_memberships_contains_paid_content":false,"footnotes":"","jetpack_publicize_message":"","jetpack_publicize_feature_enabled":true,"jetpack_social_post_already_shared":true,"jetpack_social_options":{"image_generator_settings":{"template":"highway","default_image_id":0,"font":"","enabled":false},"version":2}},"categories":[325,332,335],"tags":[],"class_list":["post-19443","post","type-post","status-publish","format-standard","has-post-thumbnail","hentry","category-cultura","category-educacion","category-represion"],"blocksy_meta":{"styles_descriptor":{"styles":{"desktop":"","tablet":"","mobile":""},"google_fonts":[],"version":6}},"jetpack_publicize_connections":[],"jetpack_featured_media_url":"https:\/\/elenemigocomun.net\/wp-content\/uploads\/2020\/06\/trooper-1.jpeg","jetpack_sharing_enabled":true,"_links":{"self":[{"href":"https:\/\/elenemigocomun.net\/es\/wp-json\/wp\/v2\/posts\/19443","targetHints":{"allow":["GET"]}}],"collection":[{"href":"https:\/\/elenemigocomun.net\/es\/wp-json\/wp\/v2\/posts"}],"about":[{"href":"https:\/\/elenemigocomun.net\/es\/wp-json\/wp\/v2\/types\/post"}],"author":[{"embeddable":true,"href":"https:\/\/elenemigocomun.net\/es\/wp-json\/wp\/v2\/users\/2"}],"replies":[{"embeddable":true,"href":"https:\/\/elenemigocomun.net\/es\/wp-json\/wp\/v2\/comments?post=19443"}],"version-history":[{"count":0,"href":"https:\/\/elenemigocomun.net\/es\/wp-json\/wp\/v2\/posts\/19443\/revisions"}],"wp:featuredmedia":[{"embeddable":true,"href":"https:\/\/elenemigocomun.net\/es\/wp-json\/wp\/v2\/media\/19444"}],"wp:attachment":[{"href":"https:\/\/elenemigocomun.net\/es\/wp-json\/wp\/v2\/media?parent=19443"}],"wp:term":[{"taxonomy":"category","embeddable":true,"href":"https:\/\/elenemigocomun.net\/es\/wp-json\/wp\/v2\/categories?post=19443"},{"taxonomy":"post_tag","embeddable":true,"href":"https:\/\/elenemigocomun.net\/es\/wp-json\/wp\/v2\/tags?post=19443"}],"curies":[{"name":"wp","href":"https:\/\/api.w.org\/{rel}","templated":true}]}}