{"id":19867,"date":"2020-09-07T00:15:39","date_gmt":"2020-09-07T07:15:39","guid":{"rendered":"https:\/\/elenemigocomun.net\/?p=19867"},"modified":"2020-09-07T00:15:39","modified_gmt":"2020-09-07T07:15:39","slug":"caravana-nacional-vida-digna-pueblos-indigenas-cipog","status":"publish","type":"post","link":"https:\/\/elenemigocomun.net\/es\/2020\/09\/caravana-nacional-vida-digna-pueblos-indigenas-cipog\/","title":{"rendered":"\u00abLiteralmente nos est\u00e1n asesinando.\u00bb Caravana nacional por una vida digna para los pueblos ind\u00edgenas"},"content":{"rendered":"<p>V\u00eda el <a href=\"http:\/\/www.congresonacionalindigena.org\/2020\/09\/01\/caravana-nacional-por-una-vida-digna-para-los-pueblos-indigenas-alto-a-la-guerra-narco-paramilitar-contra-los-pueblos-indigenas-de-mexico\/\">Congreso Nacional Ind\u00edgena<\/a><\/p>\n<p>Como hombres, mujeres, ni\u00f1os, ni\u00f1as, abuelos y abuelas de nuestras comunidades ind\u00edgenas que somos; Na Savi, Me\u00b4ph\u00e1\u00e1, Nahua, \u00d1amnku\u00e9, Mestizos y Afro mexicanos del estado de Guerrero, y que estamos organizados en el <b>Concejo Ind\u00edgena y Popular de Guerrero \u2013 Emiliano Zapata (CIPOG-EZ), en conjunto con nuestros pueblos hermanos del Frente Nacional Por la Liberaci\u00f3n de los Pueblos (FNLP) y la Organizaci\u00f3n Campesina de la Sierra del Sur (O.C.S.S.), <\/b>no olvidamos que sufrimos una guerra en contra nuestros pueblos. Una guerra que inicio hace 527 a\u00f1os y que se contin\u00faa, gobiernos van, gobiernos vienen, son de un color, de dos colores o de tres colores, no importa; su patr\u00f3n es el mismo.<\/p>\n<p>Seguimos muriendo de hambre, por falta de hospitales y m\u00e9dicos y por la miseria, pero no solo; literalmente nos est\u00e1n asesinando. Como si fu\u00e9ramos animal, como si fu\u00e9ramos algo que no vale, que no es humano. Los narco-paramilitares nos cazan en los caminos, en nuestras casas y nuestras familias, tienen que huir, son los que se llaman desplazados, y ah\u00ed van, caminando desterrados de su tierra, comunidades enteras sin casa, con el dolor de sus familiares asesinados, y sin saber si comer\u00e1n ma\u00f1ana o si podr\u00e1n dormir bajo un techo, peor que animales.<\/p>\n<p><!--more--><\/p>\n<p>Este mal es provocado por los malos gobiernos al solapar y permitir a los grupos narco-paramilitares en nuestros pueblos de la Costa Grande, en Chilapa, y en la Sierra de Guerrero, y bien sabemos que por lo menos tambi\u00e9n pasa en los estados de Michoac\u00e1n, Oaxaca y Chiapas.\u00a0 \u00bfY cu\u00e1ntos de nuestros hermanos que est\u00e1n desaparecidos? Y no es que se perdieron, es que les hicieron un mal, y lo hicieron con plena impunidad, lo hicieron en el d\u00eda, en lugares p\u00fablicos y no pasa nada.<\/p>\n<p>Porfirio D\u00edaz dec\u00eda que no merecemos la vida por ser indios, que somos ignorantes, sin conciencia y durante toda la larga historial de gobiernos priistas, la misma cantaleta, que somos necios, indios que no quieren el progreso, de nuevo ignorantes. Con Fox y Calder\u00f3n cambio la cosa e inauguraron el \u00bfQuien sabe en que andaban? Y as\u00ed se siembra la duda, y mientras el gobierno financio y armo a los grupos del narcotr\u00e1fico a nosotros nos echaban la culpa por morir en medio de la simulaci\u00f3n de una guerra, que se disfrazo seg\u00fan contra el narcotr\u00e1fico, pero que segu\u00eda siendo la misma guerra, contra los pueblos.<\/p>\n<p>El resultado fue que muchos grupos de narcotr\u00e1fico se fortalecieron y enriquecieron, mientras los pueblos ind\u00edgenas en M\u00e9xico, nos asesinan, nos desaparecen, nos desplazan, nos despojan y adem\u00e1s nos culpan por ello, desde siempre nos culpan, con los conquistadores dec\u00edan que no somos gente de dios, que no tenemos alma, que por eso no importa nuestra vida. Hoy no podemos decir nada, no podemos quejarnos, no podemos decir que queremos justicia, que urge la comida, la salud, la vivienda, el trabajo y la seguridad, por que inmediatamente nos dicen que somos conservadores, que somos del PRIAN, que \u00bfa poco viv\u00edamos mejor con el PRI? y otra vuelta m\u00e1s, nos vuelven a llamar ignorantes.<\/p>\n<p>El cura Hidalgo fue recibido en nuestras tierras, lo escuchamos y luchamos a lado de Vicente Guerrero, y Jos\u00e9 Mar\u00eda Morelos, contra la Corona Espa\u00f1ola. Luchamos a lado del General Emiliano Zapata por tierra y libertad. Luchamos contra todos los reg\u00edmenes Priistas y derramamos nuestra sangre, mientras a cientos de nuestros hermanos fueron arrojados al mar. Los malos gobiernos del PAN intentaron continuar el saqueo de nuestras tierras y las defendimos. Ahora nos dicen, que somos del PRIAN, que por que antes no hicimos nada y esos que dicen as\u00ed, en realidad son los que antes nunca hicieron nada y creen que con un voto el pa\u00eds ya cambio.<\/p>\n<p>As\u00ed que, S\u00ed, seguimos resistiendo y luchando como hace 527 a\u00f1os, por que la guerra contra nosotros continua, no ha cambiado, y la prueba esta que nos siguen asesinando los narco-paramilitares, la prueba est\u00e1 en que seguimos muriendo por la desnutrici\u00f3n, que a nuestras escuelas no llegan las clases a distancia, que nuestros caminos siguen derrumb\u00e1ndose, que nuestras viviendas se est\u00e1n cayendo a pedazos, que no hay trabajo en nuestros pueblos, que no hay cl\u00ednicas, ni doctores para aliviar las enfermedades que ya tienen cura. Y en esta pandemia del llamado COVID-19 los pueblos ind\u00edgenas seguimos siendo los m\u00e1s olvidados, los que no importa si viven o no, total nadie ve, nadie oye.<\/p>\n<p>A nuestros hermanos del EZLN nunca los han dejado en paz, les siguen haciendo la guerra, el PRI y el ej\u00e9rcito mexicano armaron a los paramilitares para asesinarlos, el PRD y sus paramilitares mantuvieron el hostigamiento constante, el PAN uso los mismos paramilitares para matar al maestro Galeano y buscar la provocaci\u00f3n, y ahora nuevamente est\u00e1 pasando, a los mismos paramilitares que cre\u00f3 el PRI, ahora el gobierno de MORENA los est\u00e1 usando para atacar y hostigar a nuestros hermanos zapatistas, su lucha y su autonom\u00eda. No les van a perdonar por defender su territorio en contra del mal llamado Tren Maya, por continuar construyendo su autonom\u00eda y nuevamente dicen que est\u00e1n contra el progreso, que son ignorantes. Pero se deja en el olvido que nuestros hermanos zapatistas han construido su propia educaci\u00f3n, sus cl\u00ednicas de salud, su propia comunicaci\u00f3n y su justicia, sin ayuda de ning\u00fan mal gobierno y todo esto para beneficio de sus pueblos que son mayas.<\/p>\n<p>Son muchas las injusticias en nuestras tierras y es mucha la impunidad que gozan los que nos hacen tanto mal de asesinarnos, desaparecernos y dejarnos morir en el abandono. Por eso ya no aguantamos m\u00e1s, ya no podemos m\u00e1s, ya basta de tanta injusticia y tanta sordera del gobierno, se\u00f1or AMLO, no somos PAN, no somos PRI, ni PRD, tampoco ning\u00fan otro partido, somos pueblos que estamos hartos del hambre, estamos artos de la injusticia, estamos artos de la miseria y exigimos soluciones, no m\u00e1s promesas, soluciones. Todos los pueblos merecemos vivir y vivir dignamente, queremos una vida con calidad para todos los pueblos ind\u00edgenas de M\u00e9xico, no nada m\u00e1s para los amigos de Adelfo, ni no nada m\u00e1s merecen vivir bien los pueblos que votan por MORENA, o los que votan PRI o votan PAN o votan PRD.<\/p>\n<p>Por eso <b>vamos a bajar de nuestras monta\u00f1as, vamos a bajar de nuestros bosques, vamos a cruzar los r\u00edos y las lomas de nuestras sierras y vamos a ir en caravana al coraz\u00f3n de M\u00e9xico, llegaremos al Z\u00f3calo de la CDMX el pr\u00f3ximo d\u00eda 10 de Septiembre del 2020.<\/b> Llegaremos los hombres, las mujeres, los ni\u00f1os, las ni\u00f1as, los abuelos y las abuelas, para que vean que no mentimos, las enfermedades curables nos matan, el hambre nos mata, el abandono nos mata, el COVID-19 nos mata y los narco-paramilitares nos siguen matando.<\/p>\n<p>Invitamos a todos los hombres y mujeres de este pa\u00eds, a quienes realmente les duele cuando se comete una injusticia en cualquier parte, a quienes su pensamiento es anticapitalista independientemente si votaron o no votaron, invitamos a quienes su coraz\u00f3n quiere una verdadera y profunda transformaci\u00f3n, invitamos a los pueblos ind\u00edgenas de M\u00e9xico que est\u00e1n sufriendo lo mismo que nosotros. A sumarse a la <b><i>Caravana nacional por una vida digna para los pueblos ind\u00edgenas. \u00a1Alto a la guerra narco-paramilitar contra los pueblos de M\u00e9xico!<\/i><\/b><\/p>\n<p>No venimos a pedir que regrese o se valla ning\u00fan partido pol\u00edtico, venimos al coraz\u00f3n de M\u00e9xico a encontrarnos con otros pueblos, a encontrarnos con ciudadanos y ciudadanas de buen coraz\u00f3n, dispuestas a escuchar nuestros problemas y nosotros escuchar los suyos. Venimos a buscar una soluci\u00f3n a la muerte que nos sembraron, venimos a sembrar semillas de vida, a trav\u00e9s del dialogo, a trav\u00e9s de los acuerdos, a trav\u00e9s de la organizaci\u00f3n.<\/p>\n<p style=\"text-align: center;\"><b>ATENTAMENTE:<\/b><\/p>\n<p style=\"text-align: center;\"><b>Consejo Ind\u00edgena y Popular de Guerrero \u2013 Emiliano Zapata (CIPOG-EZ)<\/b><\/p>\n<p style=\"text-align: center;\"><b>Regiones: Costa Chica, Costa Monta\u00f1a, Monta\u00f1a Alta y Monta\u00f1a Baja de Guerrero,\u00a0<\/b><\/p>\n<p style=\"text-align: center;\"><b>Frente Nacional Por la Liberaci\u00f3n de los Pueblos (FNLP),\u00a0<\/b><\/p>\n<p style=\"text-align: center;\"><b>Organizaci\u00f3n Campesina de la Sierra del Sur (O.C.S.S.).<\/b><\/p>\n<p style=\"text-align: center;\"><i>\u00a1Alto a la Guerra narco-paramilitar contra las comunidades Zapatistas del EZLN!<\/i><\/p>\n<p style=\"text-align: center;\"><i>\u00a1Alto a la Guerra narco-paramilitar contra las comunidades ind\u00edgenas del CNI-CIG!<\/i><\/p>\n<p style=\"text-align: center;\"><i>\u00a1Justicia para todos nuestros presos, asesinados y desaparecidos del CNI!\u00a0<\/i><\/p>\n<p style=\"text-align: center;\"><i>\u00a1Nunca m\u00e1s un M\u00e9xico sin nosotros!<\/i><\/p>\n","protected":false},"excerpt":{"rendered":"<p>Somos pueblos que estamos hartos del hambre, estamos artos de la injusticia, estamos artos de la miseria y exigimos soluciones.<\/p>\n","protected":false},"author":38,"featured_media":19865,"comment_status":"closed","ping_status":"closed","sticky":false,"template":"","format":"standard","meta":{"iawp_total_views":0,"_jetpack_memberships_contains_paid_content":false,"footnotes":"","jetpack_publicize_message":"","jetpack_publicize_feature_enabled":true,"jetpack_social_post_already_shared":true,"jetpack_social_options":{"image_generator_settings":{"template":"highway","default_image_id":0,"font":"","enabled":false},"version":2}},"categories":[334,335],"tags":[],"class_list":["post-19867","post","type-post","status-publish","format-standard","has-post-thumbnail","hentry","category-indigena","category-represion"],"blocksy_meta":{"styles_descriptor":{"styles":{"desktop":"","tablet":"","mobile":""},"google_fonts":[],"version":6}},"jetpack_publicize_connections":[],"jetpack_featured_media_url":"https:\/\/elenemigocomun.net\/wp-content\/uploads\/2020\/09\/cipog-caravan.jpg","jetpack_sharing_enabled":true,"_links":{"self":[{"href":"https:\/\/elenemigocomun.net\/es\/wp-json\/wp\/v2\/posts\/19867","targetHints":{"allow":["GET"]}}],"collection":[{"href":"https:\/\/elenemigocomun.net\/es\/wp-json\/wp\/v2\/posts"}],"about":[{"href":"https:\/\/elenemigocomun.net\/es\/wp-json\/wp\/v2\/types\/post"}],"author":[{"embeddable":true,"href":"https:\/\/elenemigocomun.net\/es\/wp-json\/wp\/v2\/users\/38"}],"replies":[{"embeddable":true,"href":"https:\/\/elenemigocomun.net\/es\/wp-json\/wp\/v2\/comments?post=19867"}],"version-history":[{"count":0,"href":"https:\/\/elenemigocomun.net\/es\/wp-json\/wp\/v2\/posts\/19867\/revisions"}],"wp:featuredmedia":[{"embeddable":true,"href":"https:\/\/elenemigocomun.net\/es\/wp-json\/wp\/v2\/media\/19865"}],"wp:attachment":[{"href":"https:\/\/elenemigocomun.net\/es\/wp-json\/wp\/v2\/media?parent=19867"}],"wp:term":[{"taxonomy":"category","embeddable":true,"href":"https:\/\/elenemigocomun.net\/es\/wp-json\/wp\/v2\/categories?post=19867"},{"taxonomy":"post_tag","embeddable":true,"href":"https:\/\/elenemigocomun.net\/es\/wp-json\/wp\/v2\/tags?post=19867"}],"curies":[{"name":"wp","href":"https:\/\/api.w.org\/{rel}","templated":true}]}}