{"id":3838,"date":"2010-06-01T09:06:59","date_gmt":"2010-06-01T16:06:59","guid":{"rendered":"https:\/\/elenemigocomun.net\/?p=3838"},"modified":"2016-10-18T23:37:22","modified_gmt":"2016-10-19T06:37:22","slug":"unicamente-diremos-palabra-comunicados","status":"publish","type":"post","link":"https:\/\/elenemigocomun.net\/es\/2010\/06\/unicamente-diremos-palabra-comunicados\/","title":{"rendered":"Comunicado del municipio aut\u00f3nomo de San Juan Copala: no compartimos la pol\u00edtica a trav\u00e9s de partidos, y a partir de esta fecha \u00fanicamente diremos nuestra palabra a trav\u00e9s de comunicados"},"content":{"rendered":"<p><strong>A LOS MEDIOS DE COMUNICACI\u00d3N HONESTOS<br \/>\nA LOS PUEBLOS DE M\u00c9XICO Y EL MUNDO<br \/>\nA LAS ORGANIZACIONES SOCIALES<br \/>\nA LA OTRA CAMPA\u00d1A<\/strong><\/p>\n<p>A un mes del brutal crimen de Alberta Cari\u00f1o Trujillo y Jyri Antero Jaakkola, y despu\u00e9s de que fueran privadas ilegalmente de su libertad un grupo de mujeres y ni\u00f1os, grupos defensores  y observadores de derechos humanos han escuchado nuestra palabra de solicitud de auxilio y han decidido llevar una esperanza de alimentaci\u00f3n, paz y justicia a San Juan Copala.<\/p>\n<p>El silencio cruel del gobierno del Estado s\u00f3lo deja al descubierto a quien se sabe corresponsable de este cobarde suceso; es esta permanente impunidad, el motivo principal que impulsa a quienes el d\u00eda 20 de mayo empujan la mano de quien ejecuta la orden del poderoso para seguir enlutando la vida de nuestras comunidades al asesinar a nuestro compa\u00f1ero Timoteo Alejandro Ram\u00edrez y a su esposa Tleriberta Castro Aguilar.<\/p>\n<p><!--more--><\/p>\n<p>Fue Timoteo sin duda quien con su palabra y ejemplo despert\u00f3 la conciencia de muchos triquis que en el 2006 decidieron dejar las organizaciones en las que militaban y recuperar su capacidad de dirigir sus destinos propios y los de sus comunidades. Es as\u00ed como nace el movimiento de unificaci\u00f3n y lucha triqui independiente. Misma organizaci\u00f3n que el 20 de enero del 2007 plasma su primer logro de unidad en la creaci\u00f3n del municipio aut\u00f3nomo de San Juan Copala. Todo este proceso no se entender\u00eda sin la atinada direcci\u00f3n de Timoteo, quien tuvo siempre como m\u00e1xima cualidad el amor por su pueblo.<\/p>\n<p>Nuevamente nos dirigimos a ustedes compa\u00f1eros de las organizaciones no gubernamentales, organizaciones de derechos humanos, adherentes a la otra campa\u00f1a y a todas las gentes que tengan buen coraz\u00f3n para solicitarles que exijan y vigilen, junto con nosotros, estos cr\u00edmenes y todas las injusticias que el poderoso manda para que nuestro pueblo sea castigado. Es necesario decir que en estos tres a\u00f1os el acoso paramilitar a nuestro pueblo no ha cesado; todos los d\u00edas est\u00e1n tratando de acabar con la resistencia de tal forma que abandonemos nuestro municipio, que es por supuesto para ellos, un s\u00edmbolo de dignidad y resistencia que no soportan.<\/p>\n<p>Por lo que para nosotros es ciertamente una hermosa esperanza de vida la CARAVANA \u201cBety Cari\u00f1o y Jiri Antero\u201d que arribar\u00e1 a nuestro pueblo el d\u00eda 8 de junio. Pero al mismo tiempo es necesario aclarar que agradecemos de todo coraz\u00f3n a todos los que se han solidarizado con nuestra causa, no olviden que nuestro proyecto tiene como objetivo final la autonom\u00eda, que estamos seguros traer\u00e1 la justicia, la paz y el desarrollo a nuestro territorio. Por lo tanto es importante que todos entiendan que no compartimos la pol\u00edtica a trav\u00e9s de partidos, pues sabemos por experiencia que son \u00e9stos una de las herramientas del poderoso para dividir y confrontar a nuestros pueblos. Por eso en su nombre llevan el t\u00edtulo de lo que adolecen; \u201cpartidos\u201d, divididos. En cambio en nuestro pueblo somos enteros porque manda y decide la asamblea. Esperamos que sean respetuosos del proyecto que estamos defendiendo incluso con la vida y que nadie quiera abanderar nuestra causa para obtener ganancias econ\u00f3micas o pol\u00edticas para su grupo.<\/p>\n<p>Es por eso que les pedimos, a todas las personas y organizaciones Internacionales, del Norte y centro del Pa\u00eds que nos quieran acompa\u00f1ar, que pasen a registrarse y a pedir informaci\u00f3n al plant\u00f3n que mantenemos en el z\u00f3calo del Distrito Federal, y a las personas y organizaciones Oaxaque\u00f1as y del sur de la Rep\u00fablica que se registren y pidan informaci\u00f3n de Lunes a Viernes de 10 am a 2 pm al Tel. 5141634. Los asistentes deben acudir en actitud de respeto y solidaridad, sin actitudes de protagonismo ni provocaci\u00f3n; nosotros mismos iremos coordinando y dirigiendo la caravana.<\/p>\n<p>Por \u00faltimo, a los medios de comunicaci\u00f3n les informamos que, a partir de esta fecha, \u00fanicamente diremos nuestra palabra a trav\u00e9s de comunicados, pues consideramos que al no hablar el idioma espa\u00f1ol de manera clara y precisa, algunos periodistas han mal interpretado nuestra palabra escribiendo en sus diarios cosas que no quisimos decir. Esto ha provocado una seria llamada de atenci\u00f3n de nuestra asamblea comunitaria; misma que tom\u00f3 este acuerdo y nos dio el mandato. As\u00ed les haremos llegar nuestra palabra y agradecemos sinceramente a quienes tengan a bien publicarla.<\/p>\n<p>28 DE MAYO DEL 2010.<\/p>\n<p>RESPETUOSAMENTE<\/p>\n<p><strong>POR EL MUNICIPIO AUT\u00d3NOMO DE SAN JUAN COPALA<\/p>\n<p>MAXIMINO DE JES\u00daS L\u00d3PEZ<\/p>\n<p>ADALBERTO HERN\u00c1NDEZ \u00c1LVAREZ<\/p>\n<p>CASIMIRO MART\u00cdNEZ AGUILAR<\/strong><\/p>\n<p>&#8212;<\/p>\n<p>la fuente: <a href=\"http:\/\/autonomiaencopala.wordpress.com\/2010\/05\/29\/comunicado-no-compartimos-la-politica-a-traves-de-partidos-y-a-partir-de-esta-fecha-unicamente-diremos-nuestra-palabra-a-traves-de-comunicados\">http:\/\/autonomiaencopala.wordpress.com<\/a><\/p>\n","protected":false},"excerpt":{"rendered":"<p>A LOS MEDIOS DE COMUNICACI\u00d3N HONESTOS A LOS PUEBLOS DE M\u00c9XICO Y EL MUNDO A LAS ORGANIZACIONES SOCIALES A LA OTRA CAMPA\u00d1A A un mes del brutal crimen de Alberta Cari\u00f1o Trujillo y Jyri Antero Jaakkola, y despu\u00e9s de que fueran privadas ilegalmente de su libertad un grupo de mujeres y ni\u00f1os, grupos defensores y [&hellip;]<\/p>\n","protected":false},"author":13,"featured_media":0,"comment_status":"closed","ping_status":"closed","sticky":false,"template":"","format":"standard","meta":{"iawp_total_views":0,"_jetpack_memberships_contains_paid_content":false,"footnotes":"","jetpack_publicize_message":"","jetpack_publicize_feature_enabled":true,"jetpack_social_post_already_shared":false,"jetpack_social_options":{"image_generator_settings":{"template":"highway","default_image_id":0,"font":"","enabled":false},"version":2}},"categories":[335],"tags":[],"class_list":["post-3838","post","type-post","status-publish","format-standard","hentry","category-represion"],"blocksy_meta":{"styles_descriptor":{"styles":{"desktop":"","tablet":"","mobile":""},"google_fonts":[],"version":6}},"jetpack_publicize_connections":[],"jetpack_featured_media_url":"","jetpack_sharing_enabled":true,"_links":{"self":[{"href":"https:\/\/elenemigocomun.net\/es\/wp-json\/wp\/v2\/posts\/3838","targetHints":{"allow":["GET"]}}],"collection":[{"href":"https:\/\/elenemigocomun.net\/es\/wp-json\/wp\/v2\/posts"}],"about":[{"href":"https:\/\/elenemigocomun.net\/es\/wp-json\/wp\/v2\/types\/post"}],"author":[{"embeddable":true,"href":"https:\/\/elenemigocomun.net\/es\/wp-json\/wp\/v2\/users\/13"}],"replies":[{"embeddable":true,"href":"https:\/\/elenemigocomun.net\/es\/wp-json\/wp\/v2\/comments?post=3838"}],"version-history":[{"count":0,"href":"https:\/\/elenemigocomun.net\/es\/wp-json\/wp\/v2\/posts\/3838\/revisions"}],"wp:attachment":[{"href":"https:\/\/elenemigocomun.net\/es\/wp-json\/wp\/v2\/media?parent=3838"}],"wp:term":[{"taxonomy":"category","embeddable":true,"href":"https:\/\/elenemigocomun.net\/es\/wp-json\/wp\/v2\/categories?post=3838"},{"taxonomy":"post_tag","embeddable":true,"href":"https:\/\/elenemigocomun.net\/es\/wp-json\/wp\/v2\/tags?post=3838"}],"curies":[{"name":"wp","href":"https:\/\/api.w.org\/{rel}","templated":true}]}}