{"id":3842,"date":"2010-05-26T09:12:52","date_gmt":"2010-05-26T16:12:52","guid":{"rendered":"https:\/\/elenemigocomun.net\/?p=3842"},"modified":"2016-10-18T23:39:21","modified_gmt":"2016-10-19T06:39:21","slug":"asesinato-timoteo-alejandro-ramirez-cleriberta-castro","status":"publish","type":"post","link":"https:\/\/elenemigocomun.net\/es\/2010\/05\/asesinato-timoteo-alejandro-ramirez-cleriberta-castro\/","title":{"rendered":"Conferencia de Prensa 21 de mayo sobre asesinato de Timoteo Alejandro Ram\u00edrez y Cleriberta Castro en Copala"},"content":{"rendered":"<p>Viernes 21 de Mayo de 2010<\/p>\n<p>CONFERENCIA DE PRENSA DEL MUNICIPIO AUTONOMO DE SAN JUAN COPALA<\/p>\n<p>La conferencia de prensa cont\u00f3 con la presencia de dos autoridades del Municipio Aut\u00f3nomo de San Juan Copala, Jorge Albino Ortiz y Adalberto Hern\u00e1ndez \u00c1lvarez y la asistencia de 17 medios de comunicaci\u00f3n, entre medios electr\u00f3nicos oficiales e independientes, as\u00ed como revistas y diarios. El ambiente se encontraba tenso y a la expectativa de las declaraciones de las autoridades aut\u00f3nomas acerca del asesinato de su l\u00edder principal, Timoteo Alejandro Ram\u00edrez y la continuaci\u00f3n de las acciones de la organizaci\u00f3n Triqui.<\/p>\n<p>Jorge Albino comenz\u00f3 aclarando que a\u00fan estaban esperando el comunicado que emitir\u00eda el Municipio Aut\u00f3nomo desde San Juan Copala pero que \u00e9ste se hab\u00eda retrasado debido a la actividad que se viv\u00eda en la regi\u00f3n a ra\u00edz del asesinato, la autopsia, los preparativos para el funeral y el acompa\u00f1amiento del cuerpo por parte de varias comunidades para darle seguridad y evitar m\u00e1s conflictos. El comunicado ser\u00eda enviado por v\u00eda electr\u00f3nica a los asistentes posteriormente.<\/p>\n<p><!--more--><\/p>\n<p>Sin embargo, la conferencia cont\u00f3 con amplias declaraciones por parte de estas dos autoridades y en primer lugar, el compa\u00f1ero Jorge aclar\u00f3 en\u00e9rgicamente que este atentado no frena ni la caravana que se est\u00e1 organizando para este 8 de junio ni el proyecto pol\u00edtico de autonom\u00eda en la regi\u00f3n Triqui. Asegur\u00f3 que este acto era un crimen de Estado y que se cometi\u00f3 porque el compa\u00f1ero Timoteo siempre fue un opositor a la creaci\u00f3n del partido pol\u00edtico Unidad Popular, proyecto impulsado por el MULT que gener\u00f3 una disidencia por considerarse como un alejamiento de los objetivos de la lucha por la autodeterminaci\u00f3n como pueblo ind\u00edgena.<\/p>\n<p>Ante las preguntas hechas por los reporteros, el compa\u00f1ero Jorge aclar\u00f3 que no se ten\u00eda hasta este momento ning\u00fan contacto con la Procuradur\u00eda del Estado de Oaxaca pero que se tiene toda la disposici\u00f3n para colaborar en las investigaciones pertinentes y que es necesario que las mismas comiencen a la brevedad para aclarar este asesinato.<\/p>\n<p>Como parte de las declaraciones, Jorge Albino puntualiz\u00f3 que se busca frenar la caravana programada con actos como este as\u00ed como el rompimiento del cerco paramilitar, por el contrario hizo \u00e9nfasis en que la organizaci\u00f3n se fortalecer\u00e1 para continuar con el proyecto pol\u00edtico de unificaci\u00f3n de las 32 comunidades Triquis y lograr la autonom\u00eda y la autodeterminaci\u00f3n; declar\u00f3 que el compa\u00f1ero Timoteo nunca apost\u00f3 al uso de la violencia para resolver los conflictos y que tampoco se iba a optar por la creaci\u00f3n de partidos pol\u00edticos que s\u00f3lo generar\u00edan divisiones entre comunidades. En este sentido se reafirma la culpabilidad que hace el Municipio Aut\u00f3nomo al Estado mexicano y a sus brazos de acci\u00f3n como el MULT y UBISORT-PRI, por lo que se califican los hechos como un crimen pol\u00edtico.<\/p>\n<p>Dentro del marco de la informaci\u00f3n puntual sobre los sangrientos hechos, el compa\u00f1ero Jorge coment\u00f3 que, a pesar de las primeras declaraciones de testigos que hablaban de un cami\u00f3n de carga, se trat\u00f3 de un veh\u00edculo tipo Jetta de color blanco sin placas, del cual salieron los individuos autores del atentado; se aclar\u00f3 que estas personas no son originarios del lugar.<\/p>\n<p>Finalmente el compa\u00f1ero Jorge hizo un llamado al gobierno federal para que se haga justicia ante este crimen y se\u00f1al\u00f3 que la PGR a\u00fan no hab\u00eda iniciado las investigaciones necesarias para el caso de los asesinatos de Bety Cari\u00f1o y Jryi Jaakkola a pesar de contar con las declaraciones de varios testigos y elementos suficientes para comenzar con esta labor.<\/p>\n<p>Por su parte el compa\u00f1ero Adalberto Hern\u00e1ndez \u00c1lvarez comenz\u00f3 su intervenci\u00f3n aclarando que la comunidad Triqui se encuentra consternada ante el asesinato de un luchador social incansable y m\u00e1ximo promotor de la autonom\u00eda y la autodeterminaci\u00f3n del pueblo Triqui. Expres\u00f3 el profundo enojo que existe frente a actos de este tipo y que este crimen no debilita a la organizaci\u00f3n sino que la fortalece, puntualmente expres\u00f3 que \u201cel aparato estatal como federal ha golpeado a un elemento del Municipio Aut\u00f3nomo pero en esto nada detiene la lucha, al contrario, hoy que cae un compa\u00f1ero, sentimos que nacen muchos Timoteos, muere uno pero nacen miles de Timoteos.\u201d<\/p>\n<p>El compa\u00f1ero Adalberto declar\u00f3 puntualmente que el Municipio Aut\u00f3nomo de San Juan Copala hace un llamado a la Otra Campa\u00f1a para que se posicione pol\u00edticamente respecto a estos acontecimientos y de igual forma solicit\u00f3 el apoyo para fortalecer la lucha Triqui en la b\u00fasqueda de la justicia para estos cr\u00edmenes, el rompimiento del cerco paramilitar y la construcci\u00f3n de la autonom\u00eda en la zona. Especific\u00f3 que son ellos los que han acompa\u00f1ado desde 1994 la lucha zapatista, que son ellos quienes han participado en diversos actos a favor de las comunidades aut\u00f3nomas zapatistas tanto en el estado de Chiapas como en Oaxaca, y que ahora son ellos los que sufren el ataque directo con el descabezamiento del Municipio Aut\u00f3nomo por lo que piden la solidaridad y la unidad de las organizaciones sociales y pol\u00edticas nacionales e internacionales.<\/p>\n<p>Adalberto hizo hincapi\u00e9 en que han perdido la confianza en el Estado y la justicia federal porque ellos hablan del crimen organizado, \u201cpero el crimen organizado es el Estado, por que van a la casa del compa\u00f1ero y lo matan, eso para nosotros es un crimen de Estado.\u201d La conferencia de prensa termin\u00f3 con la reiteraci\u00f3n de la exigencia de justicia y de respeto a la autonom\u00eda, as\u00ed como el rechazo total a la estrategia de terminar con el proyecto de San Juan Copala a trav\u00e9s de la militarizaci\u00f3n del territorio Trique por parte del Estado y sus paramilitares.<\/p>\n<p>&#8212;<\/p>\n<p>la fuente y audios: <a href=\"http:\/\/autonomiaencopala.wordpress.com\/2010\/05\/22\/audio-conferencia-de-prensa-21-de-mayo-sobre-asesinato-de-timoteo-alejandro-ramirez-y-cleriberta-castro-en-copala\/\">http:\/\/autonomiaencopala.wordpress.com<\/a><\/p>\n","protected":false},"excerpt":{"rendered":"<p>Viernes 21 de Mayo de 2010 CONFERENCIA DE PRENSA DEL MUNICIPIO AUTONOMO DE SAN JUAN COPALA La conferencia de prensa cont\u00f3 con la presencia de dos autoridades del Municipio Aut\u00f3nomo de San Juan Copala, Jorge Albino Ortiz y Adalberto Hern\u00e1ndez \u00c1lvarez y la asistencia de 17 medios de comunicaci\u00f3n, entre medios electr\u00f3nicos oficiales e independientes, [&hellip;]<\/p>\n","protected":false},"author":13,"featured_media":14577,"comment_status":"closed","ping_status":"closed","sticky":false,"template":"","format":"standard","meta":{"iawp_total_views":0,"_jetpack_memberships_contains_paid_content":false,"footnotes":"","jetpack_publicize_message":"","jetpack_publicize_feature_enabled":true,"jetpack_social_post_already_shared":false,"jetpack_social_options":{"image_generator_settings":{"template":"highway","default_image_id":0,"font":"","enabled":false},"version":2}},"categories":[335],"tags":[],"class_list":["post-3842","post","type-post","status-publish","format-standard","has-post-thumbnail","hentry","category-represion"],"blocksy_meta":{"styles_descriptor":{"styles":{"desktop":"","tablet":"","mobile":""},"google_fonts":[],"version":6}},"jetpack_publicize_connections":[],"jetpack_featured_media_url":"https:\/\/elenemigocomun.net\/wp-content\/uploads\/2010\/05\/copala_21-05-2010.jpg","jetpack_sharing_enabled":true,"_links":{"self":[{"href":"https:\/\/elenemigocomun.net\/es\/wp-json\/wp\/v2\/posts\/3842","targetHints":{"allow":["GET"]}}],"collection":[{"href":"https:\/\/elenemigocomun.net\/es\/wp-json\/wp\/v2\/posts"}],"about":[{"href":"https:\/\/elenemigocomun.net\/es\/wp-json\/wp\/v2\/types\/post"}],"author":[{"embeddable":true,"href":"https:\/\/elenemigocomun.net\/es\/wp-json\/wp\/v2\/users\/13"}],"replies":[{"embeddable":true,"href":"https:\/\/elenemigocomun.net\/es\/wp-json\/wp\/v2\/comments?post=3842"}],"version-history":[{"count":0,"href":"https:\/\/elenemigocomun.net\/es\/wp-json\/wp\/v2\/posts\/3842\/revisions"}],"wp:featuredmedia":[{"embeddable":true,"href":"https:\/\/elenemigocomun.net\/es\/wp-json\/wp\/v2\/media\/14577"}],"wp:attachment":[{"href":"https:\/\/elenemigocomun.net\/es\/wp-json\/wp\/v2\/media?parent=3842"}],"wp:term":[{"taxonomy":"category","embeddable":true,"href":"https:\/\/elenemigocomun.net\/es\/wp-json\/wp\/v2\/categories?post=3842"},{"taxonomy":"post_tag","embeddable":true,"href":"https:\/\/elenemigocomun.net\/es\/wp-json\/wp\/v2\/tags?post=3842"}],"curies":[{"name":"wp","href":"https:\/\/api.w.org\/{rel}","templated":true}]}}