{"id":4073,"date":"2009-10-21T18:08:04","date_gmt":"2009-10-22T01:08:04","guid":{"rendered":"https:\/\/elenemigocomun.net\/?p=4073"},"modified":"2016-11-17T21:24:53","modified_gmt":"2016-11-18T05:24:53","slug":"ignacio-valle-inicia-huelga-hambre-penal-altiplano","status":"publish","type":"post","link":"https:\/\/elenemigocomun.net\/es\/2009\/10\/ignacio-valle-inicia-huelga-hambre-penal-altiplano\/","title":{"rendered":"Ignacio del Valle inicia huelga de hambre en el penal del Altiplano"},"content":{"rendered":"<p><strong>20 de octubre de 2009<\/strong><\/p>\n<p>Herman@s de M\u00e9xico y el mundo:<\/p>\n<p>Comunicamos a ustedes toda la informaci\u00f3n que poseemos hasta el momento. Desde el d\u00eda jueves 15 de octubre del 2009, mediante llamada telef\u00f3nica brev\u00edsima, el compa\u00f1ero Ignacio del Valle Medina comunic\u00f3 que se ha declarado en huelga de hambre junto con otros compa\u00f1eros, en el interior del penal de m\u00e1xima seguridad donde lo tiene secuestrado el estado mexicano.  <\/p>\n<p>Esta medida extrema ha debido asumirse para exigir el cese de las condiciones carcelarias infrahumanas a las cuales est\u00e1n sometidos nuestros presos pol\u00edticos en esa mazmorra: <\/p>\n<p>Agresiones f\u00edsicas, vejaciones, amenazas, humillaciones, castigos injustificados, suspensi\u00f3n de llamadas telef\u00f3nicas, suspensi\u00f3n de visitas, destrucci\u00f3n de correspondencia, robo de materiales para elaboraci\u00f3n de dibujos y dem\u00e1s medidas propias de regimenes fascistas. No se ha permitido al compa\u00f1ero establecer nuevamente comunicaci\u00f3n con sus familiares ni abogados.<\/p>\n<p><!--more--><\/p>\n<p>Responsabilizamos a Felipe Calder\u00f3n Hinojosa, a Enrique Pe\u00f1a Nieto y al director de ese penal, de la integridad f\u00edsica, la salud y la vida de nuestros compa\u00f1eros presos pol\u00edticos Felipe \u00c1lvarez, H\u00e9ctor Galindo e Ignacio del Valle .<\/p>\n<p><center><strong>\u00a1LIBERTAD A LOS PRESOS POL\u00cdTICOS DE M\u00c9XICO!<br \/>\n\u00a1LA TIERRA NO SE VENDE, SE AMA Y SE DEFIENDE!<br \/>\n\u00a1ZAPATA VIVE, LA LUCHA SIGUE!<\/p>\n<p>FRENTE DE PUEBLOS EN DEFENSA DE LA TIERRA<\/strong><\/center><\/p>\n<p><a href=\"http:\/\/atencofpdt.blogspot.com\">http:\/\/atencofpdt.blogspot.com<\/a><\/p>\n","protected":false},"excerpt":{"rendered":"<p>20 de octubre de 2009 Herman@s de M\u00e9xico y el mundo: Comunicamos a ustedes toda la informaci\u00f3n que poseemos hasta el momento. Desde el d\u00eda jueves 15 de octubre del 2009, mediante llamada telef\u00f3nica brev\u00edsima, el compa\u00f1ero Ignacio del Valle Medina comunic\u00f3 que se ha declarado en huelga de hambre junto con otros compa\u00f1eros, en [&hellip;]<\/p>\n","protected":false},"author":13,"featured_media":17397,"comment_status":"closed","ping_status":"closed","sticky":false,"template":"","format":"standard","meta":{"iawp_total_views":0,"_jetpack_memberships_contains_paid_content":false,"footnotes":"","jetpack_publicize_message":"","jetpack_publicize_feature_enabled":true,"jetpack_social_post_already_shared":false,"jetpack_social_options":{"image_generator_settings":{"template":"highway","default_image_id":0,"font":"","enabled":false},"version":2}},"categories":[163],"tags":[],"class_list":["post-4073","post","type-post","status-publish","format-standard","has-post-thumbnail","hentry","category-presos"],"blocksy_meta":{"styles_descriptor":{"styles":{"desktop":"","tablet":"","mobile":""},"google_fonts":[],"version":6}},"jetpack_publicize_connections":[],"jetpack_featured_media_url":"https:\/\/elenemigocomun.net\/wp-content\/uploads\/2009\/10\/ignacio-del-valle.jpg","jetpack_sharing_enabled":true,"_links":{"self":[{"href":"https:\/\/elenemigocomun.net\/es\/wp-json\/wp\/v2\/posts\/4073","targetHints":{"allow":["GET"]}}],"collection":[{"href":"https:\/\/elenemigocomun.net\/es\/wp-json\/wp\/v2\/posts"}],"about":[{"href":"https:\/\/elenemigocomun.net\/es\/wp-json\/wp\/v2\/types\/post"}],"author":[{"embeddable":true,"href":"https:\/\/elenemigocomun.net\/es\/wp-json\/wp\/v2\/users\/13"}],"replies":[{"embeddable":true,"href":"https:\/\/elenemigocomun.net\/es\/wp-json\/wp\/v2\/comments?post=4073"}],"version-history":[{"count":0,"href":"https:\/\/elenemigocomun.net\/es\/wp-json\/wp\/v2\/posts\/4073\/revisions"}],"wp:featuredmedia":[{"embeddable":true,"href":"https:\/\/elenemigocomun.net\/es\/wp-json\/wp\/v2\/media\/17397"}],"wp:attachment":[{"href":"https:\/\/elenemigocomun.net\/es\/wp-json\/wp\/v2\/media?parent=4073"}],"wp:term":[{"taxonomy":"category","embeddable":true,"href":"https:\/\/elenemigocomun.net\/es\/wp-json\/wp\/v2\/categories?post=4073"},{"taxonomy":"post_tag","embeddable":true,"href":"https:\/\/elenemigocomun.net\/es\/wp-json\/wp\/v2\/tags?post=4073"}],"curies":[{"name":"wp","href":"https:\/\/api.w.org\/{rel}","templated":true}]}}