{"id":4168,"date":"2009-06-08T21:53:30","date_gmt":"2009-06-09T04:53:30","guid":{"rendered":"https:\/\/elenemigocomun.net\/?p=4168"},"modified":"2016-10-20T12:13:54","modified_gmt":"2016-10-20T19:13:54","slug":"ulises-ruiz-manda-asesinar-dirigente-codep","status":"publish","type":"post","link":"https:\/\/elenemigocomun.net\/es\/2009\/06\/ulises-ruiz-manda-asesinar-dirigente-codep\/","title":{"rendered":"En Oaxaca, Ulises Ruiz Manda Asesinar A Dirigente del CODEP"},"content":{"rendered":"<p>8 de junio de 2009<br \/>\nPor CODEP<\/p>\n<p>Desde hace varias semanas, desde los m\u00e1s altos mandos del gobierno de Ulises Ruiz Ortiz se orquest\u00f3 y desat\u00f3 una intensa campa\u00f1a estatal de difamaci\u00f3n, hostigamiento y persecuci\u00f3n en contra del Comit\u00e9 de Defensa de los Derechos del Pueblo (CODEP-APPO), campa\u00f1a que trae como una de sus primeras consecuencias el asesinato de Sergio Mart\u00ednez V\u00e1squez, integrante del Consejo Estatal del CODEP. Cabe mencionar que este artero asesinato ha estado precedido de vigilancia y seguimiento policiaco en nuestras oficinas, y de amenazas veladas y abiertas a distintos miembros del CODEP.<\/p>\n<p>El compa\u00f1ero Sergio trabajaba como taxista y seg\u00fan los primeros informes, el d\u00eda de ayer, 7 de junio, realiz\u00f3 un viaje a la agencia de Pino Suarez, distrito de Juxtlahuaca, Oaxaca siendo asesinado en la noche de ayer con armas de alto poder, encontr\u00e1ndose el cuerpo el d\u00eda de hoy, 8 de junio, alrededor de las 7 de la ma\u00f1ana. Por el modo de operar y alguna informaci\u00f3n recabada, todo apunta a confirmar que los actores materiales de este asesinato fueron los grupos paramilitares que Ulises Ruiz mantiene operando en la regi\u00f3n.<\/p>\n<p><!--more--><\/p>\n<p>Es claro que la campa\u00f1a orquestada por el gobierno y operada por distintos personajes y grupos en el estado en contra del CODEP, pretende destruir a una de las organizaciones m\u00e1s antiguas y de mayor consecuencia en el estado (este a\u00f1o cumpliremos 28 a\u00f1os), integrada por comunidades ind\u00edgenas mixtecas, triquis, zapotecas y mazatecas, mas ahora que hemos estado denunciando a los grupos que de manera c\u00ednica o encubierta se han puesto al servicio de los intereses del gobierno estatal y federal, dividiendo a los movimientos, mediatiz\u00e1ndolos o de plano entreg\u00e1ndolos a cambio de beneficios y canonj\u00edas personales o de grupo. Situaci\u00f3n que se agudiza a ra\u00edz del trabajo contra las minas que el CODEP viene realizando con las comunidades del Valle de Ocotl\u00e1n, Oaxaca y que ha estado extendi\u00e9ndose a otras regiones del estado y vincul\u00e1ndose a otras luchas ecologistas a nivel nacional.<\/p>\n<p>Cabe mencionar que como parte de las agresiones en contra del CODEP, durante el desalojo de la mina de San Jos\u00e9 del Progreso, Ocotl\u00e1n y despu\u00e9s de casi matar a golpes al compa\u00f1ero Agust\u00edn R\u00edos cuyas secuelas por la paliza empiezan a aparecer, el gobierno liber\u00f3 ordenes de aprehensi\u00f3n contra de este compa\u00f1ero y de varios compa\u00f1eros mas, incluyendo a quienes no se encuentra en el estado, como la profra. Jaquelina L\u00f3pez Almaz\u00e1n, lo que evidencia el manejo discrecional y perverso que de las leyes hace URO.<\/p>\n<p>Ante el asesinato del compa\u00f1ero Sergio Mart\u00ednez V\u00e1squez, y los ataques y atentados con que pretenden aislar y destruir al CODEP, convocamos a la m\u00e1s amplia solidaridad de las organizaciones y personalidades nacionales e internacionales, difundiendo y participando generosamente en las denuncias y la informaci\u00f3n sobre las actividades que habremos de realizar.<\/p>\n<p>POR LO ANTERIOR EXIGIMOS:<\/p>\n<p>1. ESCLARECIMIENTO INMEDIATO DEL ASESINATO DEL COMPA\u00d1ERO SEGIO MARTINEZ VASQUEZ.<br \/>\n2. ALTO A LAS AGRESIONES Y HOSTIGAMIENTO DESATADO EN CONTRA DEL CODEP.<br \/>\n3. CARCEL A ULISES RUIZ ORTIZ, POR LOS CRIMENES COMETIDOS CONTRA EL PUEBLO DE OAXACA.<\/p>\n<p>\u2022 RESPONSABILIZAMOS AL GOBIERNO DE ULISES RUIZ ORTIZ, DE LO QUE PUEDA OCURRIR CONTRA INTEGRANTES DEL CODEP.<br \/>\n\u2022 REPUDIAMOS LA DIFAMACION, HOSTIGAMIENTO Y AGRESIONES EN CONTRA DEL CODEP<\/p>\n<p>\u00a1A TRES A\u00d1OS DEL INTENTO DE DESALOJO,<\/p>\n<p>POR NUESTROS MUERTOS DESAPARECIDOS Y PRESOS POLITICOS,<\/p>\n<p>NI PERDON, NI OLVIDO!<\/p>\n<p>COMIT\u00c9 DE DEFENSA DE LOS DERECHOS DEL PUEBLO-ASAMBLEA POPULAR DE LOS PUEBLOS DE OAXACA<\/p>\n<p>CODEP-APPO<\/p>\n<p>PUEDES CONTACTARNOS EN: <a href=\"mailto:codep_cnpp_oax@yahoo.com.mx\">codep_cnpp_oax@yahoo.com.mx<\/a><\/p>\n<p>Fuente: <a href=\"http:\/\/codepappo.wordpress.com\/2009\/06\/08\/en-oaxaca-ulises-ruiz-manda-asesinar-a-dirigente-del-codep\/\">http:\/\/codepappo.wordpress.com<\/a><\/p>\n","protected":false},"excerpt":{"rendered":"<p>8 de junio de 2009 Por CODEP Desde hace varias semanas, desde los m\u00e1s altos mandos del gobierno de Ulises Ruiz Ortiz se orquest\u00f3 y desat\u00f3 una intensa campa\u00f1a estatal de difamaci\u00f3n, hostigamiento y persecuci\u00f3n en contra del Comit\u00e9 de Defensa de los Derechos del Pueblo (CODEP-APPO), campa\u00f1a que trae como una de sus primeras [&hellip;]<\/p>\n","protected":false},"author":13,"featured_media":14431,"comment_status":"closed","ping_status":"closed","sticky":false,"template":"","format":"standard","meta":{"iawp_total_views":1,"_jetpack_memberships_contains_paid_content":false,"footnotes":"","jetpack_publicize_message":"","jetpack_publicize_feature_enabled":true,"jetpack_social_post_already_shared":false,"jetpack_social_options":{"image_generator_settings":{"template":"highway","default_image_id":0,"font":"","enabled":false},"version":2}},"categories":[335],"tags":[],"class_list":["post-4168","post","type-post","status-publish","format-standard","has-post-thumbnail","hentry","category-represion"],"blocksy_meta":{"styles_descriptor":{"styles":{"desktop":"","tablet":"","mobile":""},"google_fonts":[],"version":6}},"jetpack_publicize_connections":[],"jetpack_featured_media_url":"https:\/\/elenemigocomun.net\/wp-content\/uploads\/2007\/08\/codep.jpg","jetpack_sharing_enabled":true,"_links":{"self":[{"href":"https:\/\/elenemigocomun.net\/es\/wp-json\/wp\/v2\/posts\/4168","targetHints":{"allow":["GET"]}}],"collection":[{"href":"https:\/\/elenemigocomun.net\/es\/wp-json\/wp\/v2\/posts"}],"about":[{"href":"https:\/\/elenemigocomun.net\/es\/wp-json\/wp\/v2\/types\/post"}],"author":[{"embeddable":true,"href":"https:\/\/elenemigocomun.net\/es\/wp-json\/wp\/v2\/users\/13"}],"replies":[{"embeddable":true,"href":"https:\/\/elenemigocomun.net\/es\/wp-json\/wp\/v2\/comments?post=4168"}],"version-history":[{"count":0,"href":"https:\/\/elenemigocomun.net\/es\/wp-json\/wp\/v2\/posts\/4168\/revisions"}],"wp:featuredmedia":[{"embeddable":true,"href":"https:\/\/elenemigocomun.net\/es\/wp-json\/wp\/v2\/media\/14431"}],"wp:attachment":[{"href":"https:\/\/elenemigocomun.net\/es\/wp-json\/wp\/v2\/media?parent=4168"}],"wp:term":[{"taxonomy":"category","embeddable":true,"href":"https:\/\/elenemigocomun.net\/es\/wp-json\/wp\/v2\/categories?post=4168"},{"taxonomy":"post_tag","embeddable":true,"href":"https:\/\/elenemigocomun.net\/es\/wp-json\/wp\/v2\/tags?post=4168"}],"curies":[{"name":"wp","href":"https:\/\/api.w.org\/{rel}","templated":true}]}}