{"id":7965,"date":"2006-12-02T11:45:36","date_gmt":"2006-12-02T18:45:36","guid":{"rendered":"https:\/\/elenemigocomun.net\/?p=7965"},"modified":"2016-11-07T22:22:42","modified_gmt":"2016-11-08T06:22:42","slug":"35-dia-ocupacion-oaxaca-fuerzas-federales","status":"publish","type":"post","link":"https:\/\/elenemigocomun.net\/es\/2006\/12\/35-dia-ocupacion-oaxaca-fuerzas-federales\/","title":{"rendered":"35\u00ba d\u00eda de ocupaci\u00f3n de Oaxaca por las fuerzas federales"},"content":{"rendered":"<p><strong>1\u00ba de diciembre de 2006<\/strong><\/p>\n<p>A LAS ORGANIZACIONES SOCIALES<br \/>\nA LOS ORGANISMOS DE DERECHOS HUMANOS<br \/>\nA LOS PUEBLOS EN GENERAL<\/p>\n<p>La transici\u00f3n del fascista Vicente Fox a igualmente fascista Felipe Calder\u00f3n fue el marco para los actos viles de represi\u00f3n cometidos de manera particular durante esta semana contra el pueblo digno de Oaxaca:<\/p>\n<p>\u2022 Detenci\u00f3n e incomunicaci\u00f3n de manifestantes del d\u00eda 25 de noviembre y su traslado al penal de m\u00e1xima seguridad de San Francisco del Rinc\u00f3n, Nayarit.<\/p>\n<p><!--more--><\/p>\n<p><a href=\"https:\/\/elenemigocomun.net\/wp-content\/uploads\/2006\/12\/oaxaca-35-days-of-pfp-occupation.pdf\">Descargar el Communiqu\u00e9 en pdf<\/a><\/p>\n<p>\u2022 La negativa a sus familiares, abogados y representantes de organismos de derechos humanos para verlos y verificar su estado de salud. <\/p>\n<p>\u2022 Torturas infringidas a l@s detenid@s.<\/p>\n<p>\u2022 Detenciones arbitrarias y violentas de j\u00f3venes con apariencia de \u201cbarri caderos\u201d, estudiantes y maestr@s en sus respectivos centros de trabajo. La mayor\u00eda de ellos sin ser a\u00fan presentados.<\/p>\n<p>\u2022 En un acto m\u00e1s de impunidad, fueron liberados del penal de Etla los sujetos  acusados de asesinar al periodista independiente Bradley Will, mientras a l@s 143 detenid@s en Nayarit se les dicta el auto de formal prisi\u00f3n.<\/p>\n<p>\u2022 El terrorismo de Estado aplicado a trav\u00e9s de patrullajes con elementos polic\u00edacos fuertemente armados de las diferentes corporaciones y mediante el uso de la radio clandestina gubernamental (Radio Ciudadana) para entregar, asesinar y quemar viviendas de los miembros de la APPO o las iglesias donde se han dado servicios y apoyo a manifestantes.<\/p>\n<p>Sin embargo, el pueblo digno de Oaxaca volvi\u00f3 a salir este d\u00eda a las calles para exigir:<\/p>\n<p>\u2022 La salida de Ulises Ruiz Ortiz y la PFP del estado.<\/p>\n<p>\u2022 La presentaci\u00f3n con vida de desaparecidos.<\/p>\n<p>\u2022 La llibertad de los presos, el cese a las torturas y violaciones de los derechos humanos hacia los detenidos y la poblaci\u00f3n en general.<\/p>\n<p>Mientras sigan en Oaxaca Ulises Ruiz y la PFP, mientras haya un solo detenido o desaparecido, mientras no se castigue a los asesinos de nuestros compa\u00f1eros ca\u00eddos, no habr\u00e1 descanso para estos gobiernos y sus verdugos, a\u00fan con la amenaza de \u201cmano dura\u201d de Felipe Calder\u00f3n. LA APPO VIVE, LA LUCHA SIGUE.<\/p>\n<p>\u00a1RESPETO A LOS DERECHOS HUMANOS Y GARANT\u00cdAS CONSTITUCIONALES EN NUESTRO ESTADO!<\/p>\n<p>\u00a1FUERA DE OAXACA ULISES RUIZ Y LAS FUERZAS FEDERALES DE OCUPACI\u00d3N!<\/p>\n<p>\u00a1DESMANTELAMIENTO DE GRUPOS PARAMILITARES!<\/p>\n<p>\u00a1LIBERTAD INMEDIATA E INCONDICIONAL A L@S PRES@S POL\u00cdTIC@S!<\/p>\n<p>\u00a1PRESENTACI\u00d3N CON VIDA DE L@S DESAPARECID@S!<\/p>\n<p>\u00a1CASTIGO A LOS ASESINOS DE L@S COMPA\u00d1ER@S DURANTE LA JORNADA DE LUCHA!<\/p>\n<p>\u00a1POR NUESTROS MUERTOS, PRESOS Y DESAPARECIDOS, NI UN PASO ATR\u00c1S!<\/p>\n<p><center>\u00a1Por la Defensa de los Derechos del Pueblo, Construyendo el Poder Popular!<br \/>\n\u00a1Todo el poder al pueblo!<\/p>\n<p>COMIT\u00c9 DE DEFENSA DE LOS DERECHOS DEL PUEBLO<br \/>\nASAMBLEA POPULAR DE LOS PUEBLOS DE OAXACA<\/center><\/p>\n","protected":false},"excerpt":{"rendered":"<p>1\u00ba de diciembre de 2006 A LAS ORGANIZACIONES SOCIALES A LOS ORGANISMOS DE DERECHOS HUMANOS A LOS PUEBLOS EN GENERAL La transici\u00f3n del fascista Vicente Fox a igualmente fascista Felipe Calder\u00f3n fue el marco para los actos viles de represi\u00f3n cometidos de manera particular durante esta semana contra el pueblo digno de Oaxaca: \u2022 Detenci\u00f3n [&hellip;]<\/p>\n","protected":false},"author":13,"featured_media":0,"comment_status":"closed","ping_status":"closed","sticky":false,"template":"","format":"standard","meta":{"iawp_total_views":0,"_jetpack_memberships_contains_paid_content":false,"footnotes":"","jetpack_publicize_message":"","jetpack_publicize_feature_enabled":true,"jetpack_social_post_already_shared":false,"jetpack_social_options":{"image_generator_settings":{"template":"highway","default_image_id":0,"font":"","enabled":false},"version":2}},"categories":[335],"tags":[369],"class_list":["post-7965","post","type-post","status-publish","format-standard","hentry","category-represion","tag-codep-es"],"blocksy_meta":{"styles_descriptor":{"styles":{"desktop":"","tablet":"","mobile":""},"google_fonts":[],"version":6}},"jetpack_publicize_connections":[],"jetpack_featured_media_url":"","jetpack_sharing_enabled":true,"_links":{"self":[{"href":"https:\/\/elenemigocomun.net\/es\/wp-json\/wp\/v2\/posts\/7965","targetHints":{"allow":["GET"]}}],"collection":[{"href":"https:\/\/elenemigocomun.net\/es\/wp-json\/wp\/v2\/posts"}],"about":[{"href":"https:\/\/elenemigocomun.net\/es\/wp-json\/wp\/v2\/types\/post"}],"author":[{"embeddable":true,"href":"https:\/\/elenemigocomun.net\/es\/wp-json\/wp\/v2\/users\/13"}],"replies":[{"embeddable":true,"href":"https:\/\/elenemigocomun.net\/es\/wp-json\/wp\/v2\/comments?post=7965"}],"version-history":[{"count":0,"href":"https:\/\/elenemigocomun.net\/es\/wp-json\/wp\/v2\/posts\/7965\/revisions"}],"wp:attachment":[{"href":"https:\/\/elenemigocomun.net\/es\/wp-json\/wp\/v2\/media?parent=7965"}],"wp:term":[{"taxonomy":"category","embeddable":true,"href":"https:\/\/elenemigocomun.net\/es\/wp-json\/wp\/v2\/categories?post=7965"},{"taxonomy":"post_tag","embeddable":true,"href":"https:\/\/elenemigocomun.net\/es\/wp-json\/wp\/v2\/tags?post=7965"}],"curies":[{"name":"wp","href":"https:\/\/api.w.org\/{rel}","templated":true}]}}