{"id":8119,"date":"2007-04-27T11:00:49","date_gmt":"2007-04-27T18:00:49","guid":{"rendered":"https:\/\/elenemigocomun.net\/?p=8119"},"modified":"2016-11-06T11:43:06","modified_gmt":"2016-11-06T19:43:06","slug":"libertad-david-venegas-reyes","status":"publish","type":"post","link":"https:\/\/elenemigocomun.net\/es\/2007\/04\/libertad-david-venegas-reyes\/","title":{"rendered":"1er Dia Internacional por la Libertad Inmediata de David Venegas Reyes"},"content":{"rendered":"<p><strong>y por la Libertad para Tod@s l@s Pres@s Pol\u00edtic@s<\/strong><\/p>\n<p><strong>Jueves 27 de abril de 2007<\/strong><\/p>\n<p><strong>\u00bfQui\u00e9n es DAVID VENEGAS REYES?:<\/strong><br \/>\n<strong>Concejal de la APPO:<\/strong> David Venegas Reyes es un joven oaxaque\u00f1o de 24 a\u00f1os de edad, estudiante de la  Universidad de Chapingo quien es Concejal de la APPO en representaci\u00f3n de algunas de las barricadas m\u00e1s grandes que resistieron durante los largos meses de lucha intensa del pueblo oaxaque\u00f1o. <\/p>\n<p><!--more--><\/p>\n<p>Como digno representante de algunas barricadas, desde dentro de la APPO, fue de las personas m\u00e1s honestas que no se callaba ante actitudes contrarias al esp\u00edritu del movimiento social en Oaxaca, defendi\u00f3 a costa de s\u00ed mismo la independencia de la APPO respecto a Partidos Pol\u00edticos que intentaron llevar a la APPO al proceso electoral. Durante los \u00faltimos meses, a consecuencia de su posici\u00f3n independiente, incapaz de pedir migajas ni puestos de poder al gobierno de Oaxaca y a los partidos pol\u00edticos, fue tachado de tratar de dividir el movimiento, cuando en realidad lo que buscaba era un espacio donde se respetaran todos los puntos de vista del pueblo oaxaque\u00f1o, por lo cual no deb\u00eda prevalecer uno sobre el otro. <\/p>\n<p>Sin embargo, quienes lo conocemos sabemos que es una de las personas que no tienen nada que esconder, ni sus hechos, ni sus palabras y que por ser de las personas que dentro de la APPO luch\u00f3 y lucha por defender ese espacio en el que tantas fuerzas depositaron, ahora est\u00e1 detenido injustamente.  David Venegas signific\u00f3 un estorbo para el Gobierno del Estado y el Gobierno Federal pues las personas que como David tienen dignidad, jam\u00e1s se vender\u00edan al poder, ni con dinero, ni con una diputaci\u00f3n, ni con su silencio. Sin embargo y a pesar de que hoy se encuentre preso, su encierro no callar\u00e1  ni a David, ni a miles de personas que como David, tienen dignidad.<\/p>\n<p><strong>Integrante de VOCAL:<\/strong> Por la falta de un espacio que sirviera para enlazarse en la cultura, en el arte y en la resistencia con los pueblos, colectivos, personas y grupos que luchan por la autonom\u00eda como alternativa ante el sistema pol\u00edtico actual, David al igual que muchas personas m\u00e1s, construyeron a finales del mes de febrero una organizaci\u00f3n a la cual denominaron \u201cVOCAL: Voces Oaxaque\u00f1as Construyendo Autonom\u00eda y Libertad\u201d.<\/p>\n<p>Como parte de los trabajos que se impulsan por parte de VOCAL se acompa\u00f1\u00f3 a las familias de los ca\u00eddos en un recorrido con cruces por el municipio de Santa Luc\u00eda del Camino, lugar donde los polic\u00edas asesinaron a Brad Will compa\u00f1ero de Indymedia, David activamente contribuy\u00f3 con la actividad.<\/p>\n<p>Dentro de VOCAL se encuentran los trabajos con pueblos en resistencia, tanto en la Mixteca, como en el istmo de Oaxaca (La Venta, Zanatep\u00e9c, Santo Domingo Petapa), Valles Centrales (Zaachila) y en otras comunidades y espacios organizativos. Esto condujo a David, entre otras personas, a llevar el arte, la informaci\u00f3n y la palabra de las barricadas a otros lugares en resistencia.<\/p>\n<p><strong>DETENCI\u00d3N, ACUSACIONES Y TRASLADO A PENITENCIAR\u00cdA DE IXOTEL OAX.:<\/strong><\/p>\n<p>Fue torturado, golpeado y detenido el viernes 13 de abril y presentado hasta 8 horas despu\u00e9s de su detenci\u00f3n en la Unidad Mixta de Atenci\u00f3n al Narcomenudeo (UMAN), en donde al d\u00eda siguiente tuvo que rendir una declaraci\u00f3n  de por lo menos 5 horas.  En dicho lugar se le podr\u00eda haber dejado en libertad por no tener pruebas de las acusaciones, sin embargo el Ministerio P\u00fablico Federal de dicha instancia determin\u00f3 negarle el derecho a libertad bajo fianza. <\/p>\n<p>Por la ma\u00f1ana del d\u00eda 14 de abril fue trasladado a la Penitenciar\u00eda Central de Ixcotel. Al entrar al penal ya le esperaba una orden de aprensi\u00f3n es su contra, \u201cel expediente 157\/2006 por orden aprehensi\u00f3n por da\u00f1ar el palacio de justicia del Oaxaca el 25 de noviembre de 2006 <strong>(Peri\u00f3dico el Excelsior 11 de marzo 06)<\/strong>. <\/p>\n<p>Las autoridades estatales y federales lo acusan de delitos contra la salud (narcomenudeo), sedici\u00f3n, quema de edificios y desobediencia a particulares. <\/p>\n<p>La realidad es que lo detuvieron cuando caminaba por la calle en compa\u00f1\u00eda de dos personas m\u00e1s. Sin presentar orden de aprehensi\u00f3n Polic\u00edas Ministeriales lo golpearon y se lo llevaron preso. Al presentarlo ante el Ministerio P\u00fablico y medios recomunicaci\u00f3n le fue sembrada droga. Seg\u00fan lo que nos cuenta David, le intentaron sembrar un paquete muy grade de algo que \u00e9l no pudo ver pero que supone era droga, sin embargo al momento que los polic\u00edas vieron que dicho paquete no cab\u00eda en la bolsa que  David llevaba, le sembraron otra bolsa m\u00e1s chica de polvo banco, al parecer coca\u00edna y hero\u00edna.<\/p>\n<p>Al momento de tomarle fotos para ser presentado ante los medios como vendedor de droga, David recibi\u00f3 golpes por negarse a sostener con la mano dos revistas \u201cLa Barrikada\u201d sobre las cuales se encontraba la bolsa con el polvo blanco, al parecer coca\u00edna o hero\u00edna.  Esto ocurri\u00f3 en alg\u00fan lugar que David desconoce.<\/p>\n<p>Al momento de su declaraci\u00f3n en el UMAN, a David le presentaron otras bolsas de polvo blanco m\u00e1s peque\u00f1as que con las que lo obligaron a tomarse la foto.<\/p>\n<p>Pese  a todas estas irregularidades, contin\u00faa preso.<\/p>\n<p>Ese mismo d\u00eda inician las movilizaciones por su injusta detenci\u00f3n. Para el d\u00eda 15 de abril una macha lleg\u00f3 a exigir su libertad a las puertas de la Penitenciar\u00eda donde se encuentra. Autoridades de la c\u00e1rcel le ofrecieron privilegios como Preso Pol\u00edtico pero David se neg\u00f3 a aceptarlos, pues lo \u00fanico que quiere es su libertad. <\/p>\n<p>Despu\u00e9s este dudoso proceso jur\u00eddico que el gobierno del estado de Oaxaca, ha puesto al compa\u00f1ero David Venegas Reyes, como preso com\u00fan para difamar el trabajo pol\u00edtico del compa\u00f1ero, de lo que tratan es de amedrentar a la gente comprometida dignamente con los principios del movimiento  social.<\/p>\n<p><strong><center>LLAMADO A LA SOLIDARIDAD INTERNACIONAL CON ELCOMPA\u00d1ERO DAVID VENEGAS REYES Y TOD@S L@S PRES@S POL\u00cdTIC@S:<\/center><\/p>\n<p>A los pueblos del mundo:<br \/>\nAl pueblo de Oaxaca:<br \/>\nA los pueblos de M\u00e9xico:<\/strong><\/p>\n<p>Hacemos un llamado a todas las personas, colectivos, individuos de Oaxaca, M\u00e9xico y el Mundo, a que no se queden callados ante tanta represi\u00f3n contra el pueblo de Oaxaca y que se movilicen de la manera que puedan para exigir la libertad de todos nuestros compa\u00f1eros y compa\u00f1eras presas.<\/p>\n<p>No podemos permitir que se olvide a quienes son prisioneros por luchar. Hoy existen barricaderos presos.<\/p>\n<p>Invitamos: A que as\u00ed como se apoy\u00f3 al movimiento popular de Oaxaca en sus momentos de mayor fortaleza, as\u00ed como se admiraban de la fortaleza de las barricadas y barricaderos, ahora se apoye a quienes como consecuencia se encuentran encarcelados y con pocas posibilidades de que se les de justicia y libertad, cosa que solo ser\u00e1 posible si protestamos y luchamos por alcanzarla.<\/p>\n<p><strong>Proponemos:<\/strong><\/p>\n<p>\u2022 Manifestaciones en las Embajadas y los C\u00f3nsules mexicanos.<br \/>\n\u2022 Env\u00edo de cartas de solidaridad para <strong>David Venegas Reyes<\/strong> y tod@s l@s pres@s pol\u00edtic@s: vocal@riseup.net<br \/>\n\u2022 Conferencias de prensa y pl\u00e1ticas informativas sobre el caso de <strong>David Venegas Reyes<\/strong> y tod@s l@s pres@s pol\u00edtic@s.<br \/>\n\u2022 Enviar escritos a las autoridades mexicanas para pedir la libertad inmediata de <strong>David Venegas Reyes<\/strong> y tod@s l@s pres@s pol\u00edtic@s.<br \/>\n\u2022 Marchas, huelgas de hambre, eventos culturales, teatro callejero, video-pl\u00e1ticas sobre Oaxaca\u2026<\/p>\n<p><center>En Oaxaca la actividad ser\u00e1 la siguiente:<br \/>\n<strong>OAXACA:<br \/>\nJUEVES 27 DE ABRIL DE 2007<br \/>\nMARCHA DE BRENAMIEL A CIUDAD UNIVERSITARIA<br \/>\n\u00a1LIBERTAD A TOD@S L@S PRES@S  POL\u00cdTIC@S!<br \/>\n\u00a1LIBERTAD A DAVID VENEGAS REYES!<br \/>\n4:00 PM<\/strong><br \/>\n!!Por el  fortalecimiento de la lucha en Oaxaca y el mundo entero: Libertad a l@s Pres@s por Luchar!!<br \/>\n!!Solidaridad internacional de a Pres@s Pol\u00edtic@s del mundo!!<br \/>\n!!Libertad inmediata e incondicional a l@s pres@s de Oaxaca!!<\/p>\n<p><strong>Apoyo econ\u00f3mico solidario para David Venegas:<\/strong><br \/>\nN\u00ba Cta. 319708 Clave 044180001003197086 Zwip mbcomxmm BCO 044 Scotibank inverlat a Nombre de Irina Arellano Salazar<\/p>\n<p><strong>VOCAL:<br \/>\nVoces Oaxaque\u00f1as Construyendo Autonom\u00eda Y Libertad<\/strong><br \/>\nvocal@riseup.net<\/center><\/p>\n<p><a href=\"http:\/\/www.noestamostodxs.blogspot.com\/\">http:\/\/www.noestamostodxs.blogspot.com\/<\/a><br \/>\n<a href=\"http:\/\/remaba.blogspot.com\/\">http:\/\/remaba.blogspot.com\/<\/a><br \/>\noaxacalibre.net<\/p>\n","protected":false},"excerpt":{"rendered":"<p>y por la Libertad para Tod@s l@s Pres@s Pol\u00edtic@s Jueves 27 de abril de 2007 \u00bfQui\u00e9n es DAVID VENEGAS REYES?: Concejal de la APPO: David Venegas Reyes es un joven oaxaque\u00f1o de 24 a\u00f1os de edad, estudiante de la Universidad de Chapingo quien es Concejal de la APPO en representaci\u00f3n de algunas de las barricadas [&hellip;]<\/p>\n","protected":false},"author":13,"featured_media":0,"comment_status":"closed","ping_status":"closed","sticky":false,"template":"","format":"standard","meta":{"iawp_total_views":1,"_jetpack_memberships_contains_paid_content":false,"footnotes":"","jetpack_publicize_message":"","jetpack_publicize_feature_enabled":true,"jetpack_social_post_already_shared":false,"jetpack_social_options":{"image_generator_settings":{"template":"highway","default_image_id":0,"font":"","enabled":false},"version":2}},"categories":[163],"tags":[402],"class_list":["post-8119","post","type-post","status-publish","format-standard","hentry","category-presos","tag-vocal-es"],"blocksy_meta":{"styles_descriptor":{"styles":{"desktop":"","tablet":"","mobile":""},"google_fonts":[],"version":6}},"jetpack_publicize_connections":[],"jetpack_featured_media_url":"","jetpack_sharing_enabled":true,"_links":{"self":[{"href":"https:\/\/elenemigocomun.net\/es\/wp-json\/wp\/v2\/posts\/8119","targetHints":{"allow":["GET"]}}],"collection":[{"href":"https:\/\/elenemigocomun.net\/es\/wp-json\/wp\/v2\/posts"}],"about":[{"href":"https:\/\/elenemigocomun.net\/es\/wp-json\/wp\/v2\/types\/post"}],"author":[{"embeddable":true,"href":"https:\/\/elenemigocomun.net\/es\/wp-json\/wp\/v2\/users\/13"}],"replies":[{"embeddable":true,"href":"https:\/\/elenemigocomun.net\/es\/wp-json\/wp\/v2\/comments?post=8119"}],"version-history":[{"count":0,"href":"https:\/\/elenemigocomun.net\/es\/wp-json\/wp\/v2\/posts\/8119\/revisions"}],"wp:attachment":[{"href":"https:\/\/elenemigocomun.net\/es\/wp-json\/wp\/v2\/media?parent=8119"}],"wp:term":[{"taxonomy":"category","embeddable":true,"href":"https:\/\/elenemigocomun.net\/es\/wp-json\/wp\/v2\/categories?post=8119"},{"taxonomy":"post_tag","embeddable":true,"href":"https:\/\/elenemigocomun.net\/es\/wp-json\/wp\/v2\/tags?post=8119"}],"curies":[{"name":"wp","href":"https:\/\/api.w.org\/{rel}","templated":true}]}}